{"id":9073,"date":"2025-08-13T20:09:20","date_gmt":"2025-08-13T18:09:20","guid":{"rendered":"https:\/\/www.sf-germany.org\/einheiten\/uss-hephaistos\/ana-und-ortrichk-kommen-in-die-lounge\/"},"modified":"2025-08-13T20:09:20","modified_gmt":"2025-08-13T18:09:20","slug":"ana-und-ortrichk-kommen-in-die-lounge","status":"publish","type":"post","link":"https:\/\/www.sf-germany.org\/einheiten\/uss-hephaistos\/ana-und-ortrichk-kommen-in-die-lounge\/","title":{"rendered":"Ana und Ortrichk kommen in die Lounge"},"content":{"rendered":"<div>\n<div style=\"\"><span style=\"\">Hallo Leute,<\/span><\/div>\n<div style=\"\"><span style=\"\">\u00a0<\/span><\/div>\n<div style=\"\"><span style=\"\">ich bringe mich mal etwas in Erinnerung \ud83d\ude09 und m\u00f6chte an offene B\u00e4lle erinnern.<\/span><\/div>\n<div style=\"\"><span style=\"\">\u00a0<\/span><\/div>\n<div style=\"\">\n<p dir=\"ltr\" style=\"line-height: 1.38\"><span style=\"text-decoration: none; vertical-align: baseline\">&lt;RPG&gt;<\/span><\/p>\n<p><span style=\"\"><br \/><\/span><\/p>\n<p dir=\"ltr\" style=\"line-height: 1.38\"><span style=\"text-decoration: none; vertical-align: baseline\"># Zeit: SpD 6.2015<\/span><\/p>\n<p dir=\"ltr\" style=\"line-height: 1.38\"><span style=\"text-decoration: none; vertical-align: baseline\"># Ort: K7\/ Lounge<\/span><\/p>\n<p><span style=\"\"><br \/><\/span><\/p>\n<p dir=\"ltr\" style=\"line-height: 1.38\"><span style=\"text-decoration: none; vertical-align: baseline\">Ana und Ortrichk betraten die Messe gemeinsam. Ana in Uniform. Die Iskyra in Zivil. Die Zusammenkunft hier war Pflichttermin. Etwas, das beiden nicht unbedingt lag. Deshalb hatte sich Ana gleich ihren eigenen Weg gebahnt, w\u00e4hrend Ortrichk das Buffet ansteuerte.\u00a0<\/span><\/p>\n<p dir=\"ltr\" style=\"line-height: 1.38\"><span style=\"text-decoration: none; vertical-align: baseline\">W\u00e4hrend sie sich gelassen n\u00e4herte, bemerkte sie den Neuen. Deryn Reeko. Neugierig-interessiert behielt sie ihn im Auge. Sarukaaner kannte sie nicht. So konnte sie beobachten wie er sich speisen nahm und dann sein Mi\u00dfgeschick. Schmunzelnd bediente sie sich an den Truthanschenkeln, Kl\u00f6\u00dfen und Rotkohl. Dazu ein gro\u00dfer Becker Ananassaft.<\/span><span style=\"text-decoration: none; vertical-align: baseline\"><br \/><\/span><span style=\"text-decoration: none; vertical-align: baseline\">Ortricht bevorzugte Buffets, bei solchen Anl\u00e4ssen. Kein vornehmes Essen mit Messer und Gabel und \u00e4tzenden Servietten, welche sich nur in ihren Krallen verhakten. Eine Gabel mit nur zwei Zinken war da weit praktischer.<\/span><span style=\"text-decoration: none; vertical-align: baseline\"><\/p>\n<p><\/span><\/p>\n<p dir=\"ltr\" style=\"line-height: 1.38\"><span style=\"text-decoration: none; vertical-align: baseline\">Um die Kids brauchte sie sich keine Sorgen machen. Die standen unter der Aufsicht von Zaama. Die Neue Lehrerin. Und vulkanier. Ziemlich gebildet w\u00e4hre die Untertreibung des Jahres gewesen. Sie hatte eine ansehnliche Sammlung von Titeln. Aber welcher Vulkanier hatte das nicht? Was sie von anderen Vulkaniern unterschied war, dass sie gut mit Kindern umgehen konnte. Sie war f\u00fcrsorglich und liebevoll. Sie konnte aber auch sehr streng werden. Genau das Richtige f\u00fcr Luni und Tamara. Die beiden bekamen guten Unterricht, der sie voran brachte. Und die Dame hatte sie unter Kontrolle.<\/span><\/p>\n<p><span style=\"\"><br \/><\/span><\/p>\n<p dir=\"ltr\" style=\"line-height: 1.38\"><span style=\"text-decoration: none; vertical-align: baseline\">Ana zu finden war eine Kleinigkeit. Sobald die Hephaistos be der K7 angekommen war, war das herrliche Gef\u00fchl der Verbundenheit wieder da. Sie konnten sich gegenseitig f\u00fchlen und bei Bedarf telepathisch kommunizieren. Wie es genau funktionierte, war unklar. F\u00fcr Lwaxana war Telepathie normal. Nur bei den Iskyra gab es keine Telepathen. Gar keine!<\/span><span style=\"text-decoration: none; vertical-align: baseline\"><br \/><\/span><span style=\"text-decoration: none; vertical-align: baseline\">Bald sa\u00df Ortrichk bei Ana und beide a\u00dfen in Ruhe. Da Ana die freie Wahl gehabt hatte, sonst wurde sie ja von Ortrichk bekocht, war ihr Men\u00fc, wie die Iskyra es bezeichnet h\u00e4tte, eher ungesund.<\/span><\/p>\n<p><span style=\"\"><br \/><\/span><\/p>\n<p dir=\"ltr\" style=\"line-height: 1.38\"><span style=\"text-decoration: none; vertical-align: baseline\">&lt;\/RPG&gt;<\/span><\/p>\n<p><span style=\"\"><br \/><\/span><\/p>\n<p dir=\"ltr\" style=\"line-height: 1.38\"><span style=\"text-decoration: none; vertical-align: baseline\">&lt;SUM&gt;<\/span><\/p>\n<p dir=\"ltr\" style=\"line-height: 1.38\"><span style=\"text-decoration: none; vertical-align: baseline\"># Zeit: SpD 6.2015<\/span><\/p>\n<p dir=\"ltr\" style=\"line-height: 1.38\"><span style=\"text-decoration: none; vertical-align: baseline\"># Ort: K7\/ Lounge<\/span><\/p>\n<p><span style=\"\"><br \/><\/span><\/p>\n<p dir=\"ltr\" style=\"line-height: 1.38\"><span style=\"text-decoration: none; vertical-align: baseline\">Ortricht und Ana besuchen ebenfalls die Messe, wo die Iskyra Deryn\u2019s Mi\u00dfgeschick beobachten kan.<\/span><\/p>\n<p dir=\"ltr\" style=\"line-height: 1.38\"><span style=\"text-decoration: none; vertical-align: baseline\">Zusammen essen die beiden gem\u00fctlich.<\/span><\/p>\n<p dir=\"ltr\" style=\"line-height: 1.38\"><span style=\"text-decoration: none; vertical-align: baseline\">&lt;\/SUM&gt;<\/span><\/p>\n<p dir=\"ltr\" style=\"line-height: 1.38\"><span style=\"text-decoration: none; vertical-align: baseline\">\u00a0<\/span><\/p>\n<p dir=\"ltr\" style=\"line-height: 1.38\"><span style=\"text-decoration: none; vertical-align: baseline\">&lt;NRPG&gt; Freiball f\u00fcr alle!!<\/span><\/p>\n<p dir=\"ltr\" style=\"line-height: 1.38\"><span style=\"text-decoration: none; vertical-align: baseline\">\u00a0<\/span><\/p>\n<p dir=\"ltr\" style=\"line-height: 1.38\"><span style=\"text-decoration: none; vertical-align: baseline\">MfG<br \/>Michel<\/span><\/p>\n<\/div>\n<\/div>\n","protected":false},"excerpt":{"rendered":"<p>Hallo Leute, \u00a0 ich bringe mich mal etwas in Erinnerung \ud83d\ude09 und m\u00f6chte an offene B\u00e4lle erinnern. \u00a0 &lt;RPG&gt; # Zeit: SpD 6.2015 # Ort: K7\/ Lounge Ana und Ortrichk betraten die Messe gemeinsam. Ana in Uniform. Die Iskyra in Zivil. Die Zusammenkunft hier war Pflichttermin. Etwas, das beiden nicht unbedingt lag. Deshalb hatte sich&#8230;<\/p>\n<p class=\"more-link-wrap\"><a href=\"https:\/\/www.sf-germany.org\/einheiten\/uss-hephaistos\/ana-und-ortrichk-kommen-in-die-lounge\/\" class=\"more-link\">Read More<span class=\"screen-reader-text\"> &ldquo;Ana und Ortrichk kommen in die Lounge&rdquo;<\/span> &raquo;<\/a><\/p>\n","protected":false},"author":1,"featured_media":0,"comment_status":"closed","ping_status":"closed","sticky":false,"template":"","format":"standard","meta":{"footnotes":""},"categories":[7],"tags":[],"class_list":["post-9073","post","type-post","status-publish","format-standard","hentry","category-archiv"],"_links":{"self":[{"href":"https:\/\/www.sf-germany.org\/einheiten\/uss-hephaistos\/wp-json\/wp\/v2\/posts\/9073","targetHints":{"allow":["GET"]}}],"collection":[{"href":"https:\/\/www.sf-germany.org\/einheiten\/uss-hephaistos\/wp-json\/wp\/v2\/posts"}],"about":[{"href":"https:\/\/www.sf-germany.org\/einheiten\/uss-hephaistos\/wp-json\/wp\/v2\/types\/post"}],"author":[{"embeddable":true,"href":"https:\/\/www.sf-germany.org\/einheiten\/uss-hephaistos\/wp-json\/wp\/v2\/users\/1"}],"replies":[{"embeddable":true,"href":"https:\/\/www.sf-germany.org\/einheiten\/uss-hephaistos\/wp-json\/wp\/v2\/comments?post=9073"}],"version-history":[{"count":0,"href":"https:\/\/www.sf-germany.org\/einheiten\/uss-hephaistos\/wp-json\/wp\/v2\/posts\/9073\/revisions"}],"wp:attachment":[{"href":"https:\/\/www.sf-germany.org\/einheiten\/uss-hephaistos\/wp-json\/wp\/v2\/media?parent=9073"}],"wp:term":[{"taxonomy":"category","embeddable":true,"href":"https:\/\/www.sf-germany.org\/einheiten\/uss-hephaistos\/wp-json\/wp\/v2\/categories?post=9073"},{"taxonomy":"post_tag","embeddable":true,"href":"https:\/\/www.sf-germany.org\/einheiten\/uss-hephaistos\/wp-json\/wp\/v2\/tags?post=9073"}],"curies":[{"name":"wp","href":"https:\/\/api.w.org\/{rel}","templated":true}]}}